{"id":67618,"date":"2025-03-13T09:00:06","date_gmt":"2025-03-13T08:00:06","guid":{"rendered":"https:\/\/itechmedicaldivision.com\/?p=67618"},"modified":"2025-03-11T17:33:23","modified_gmt":"2025-03-11T16:33:23","slug":"epicondilitis","status":"publish","type":"post","link":"https:\/\/itechmedicaldivision.com\/es\/epicondilitis\/","title":{"rendered":"Epicondilitis: s\u00edntomas y remedios para el codo de tenista"},"content":{"rendered":"\t\t<div data-elementor-type=\"wp-post\" data-elementor-id=\"67618\" class=\"elementor elementor-67618 elementor-67555\" data-elementor-post-type=\"post\">\n\t\t\t\t\t\t<section class=\"elementor-section elementor-top-section elementor-element elementor-element-ae50e26 elementor-section-boxed elementor-section-height-default elementor-section-height-default\" data-id=\"ae50e26\" data-element_type=\"section\">\n\t\t\t\t\t\t<div class=\"elementor-container elementor-column-gap-default\">\n\t\t\t\t\t<div class=\"elementor-column elementor-col-50 elementor-top-column elementor-element elementor-element-3adc503\" data-id=\"3adc503\" data-element_type=\"column\">\n\t\t\t<div class=\"elementor-widget-wrap elementor-element-populated\">\n\t\t\t\t\t\t<div class=\"elementor-element elementor-element-cd67acf elementor-widget elementor-widget-text-editor\" data-id=\"cd67acf\" data-element_type=\"widget\" data-widget_type=\"text-editor.default\">\n\t\t\t\t<div class=\"elementor-widget-container\">\n\t\t\t\t\t\t\t<ol><li><a href=\"#sintomi\"><strong>Epicondilitis, s\u00edntomas<\/strong><\/a><\/li><li><a href=\"#cause\"><strong>Las causas de la epicondilitis<\/strong><\/a><\/li><li><a href=\"#cervicale\"><strong>\u00bfEs cervical la epicondilitis?<\/strong><\/a><\/li><li><a href=\"#epicondilitevsepitrocleite\"><strong>Epicondilitis y epicondilitis, las diferencias<\/strong><\/a><\/li><\/ol>\t\t\t\t\t\t<\/div>\n\t\t\t\t<\/div>\n\t\t\t\t\t<\/div>\n\t\t<\/div>\n\t\t\t\t<div class=\"elementor-column elementor-col-50 elementor-top-column elementor-element elementor-element-7c8a4e6\" data-id=\"7c8a4e6\" data-element_type=\"column\">\n\t\t\t<div class=\"elementor-widget-wrap elementor-element-populated\">\n\t\t\t\t\t\t<div class=\"elementor-element elementor-element-288ab05 elementor-widget elementor-widget-text-editor\" data-id=\"288ab05\" data-element_type=\"widget\" data-widget_type=\"text-editor.default\">\n\t\t\t\t<div class=\"elementor-widget-container\">\n\t\t\t\t\t\t\t<ol start=\"5\"><li><a href=\"#rimedi\"><strong> Remedios para la epicondilitis<\/strong><\/a><\/li><li><a href=\"#magnetoterapia\"><strong>Magnetoterapia para la epicondilitis<\/strong><\/a><\/li><li><a href=\"#ultrasuonoterapia\"><strong>Terapia de ultrasonidos para la epicondilitis<\/strong><\/a><\/li><li><a href=\"#diatermia\"><strong>Epicondilitis y tecarterapia<\/strong><\/a><\/li><\/ol>\t\t\t\t\t\t<\/div>\n\t\t\t\t<\/div>\n\t\t\t\t\t<\/div>\n\t\t<\/div>\n\t\t\t\t\t<\/div>\n\t\t<\/section>\n\t\t\t\t<section class=\"elementor-section elementor-top-section elementor-element elementor-element-98aafc7 elementor-section-boxed elementor-section-height-default elementor-section-height-default\" data-id=\"98aafc7\" data-element_type=\"section\">\n\t\t\t\t\t\t<div class=\"elementor-container elementor-column-gap-default\">\n\t\t\t\t\t<div class=\"elementor-column elementor-col-100 elementor-top-column elementor-element elementor-element-a705c61\" data-id=\"a705c61\" data-element_type=\"column\">\n\t\t\t<div class=\"elementor-widget-wrap elementor-element-populated\">\n\t\t\t\t\t\t<div class=\"elementor-element elementor-element-04129ff elementor-widget elementor-widget-text-editor\" data-id=\"04129ff\" data-element_type=\"widget\" data-widget_type=\"text-editor.default\">\n\t\t\t\t<div class=\"elementor-widget-container\">\n\t\t\t\t\t\t\t<p>La epicondilitis, tambi\u00e9n conocida como <strong>&#8220;codo de tenista&#8221;, es una inflamaci\u00f3n que afecta al epic\u00f3ndilo, es decir, a la parte superior del codo<\/strong>, donde se insertan los tendones de los m\u00fasculos extensores de la mano y la mu\u00f1eca. Aunque es frecuente entre los deportistas, y en particular en el tenis, puede afectar a cualquier persona que realice movimientos repetitivos con el antebrazo.<\/p>\t\t\t\t\t\t<\/div>\n\t\t\t\t<\/div>\n\t\t\t\t\t<\/div>\n\t\t<\/div>\n\t\t\t\t\t<\/div>\n\t\t<\/section>\n\t\t\t\t<section class=\"elementor-section elementor-top-section elementor-element elementor-element-4a2a94b elementor-section-boxed elementor-section-height-default elementor-section-height-default\" data-id=\"4a2a94b\" data-element_type=\"section\">\n\t\t\t\t\t\t<div class=\"elementor-container elementor-column-gap-default\">\n\t\t\t\t\t<div class=\"elementor-column elementor-col-100 elementor-top-column elementor-element elementor-element-a10b59d\" data-id=\"a10b59d\" data-element_type=\"column\">\n\t\t\t<div class=\"elementor-widget-wrap elementor-element-populated\">\n\t\t\t\t\t\t<div class=\"elementor-element elementor-element-259daba elementor-widget elementor-widget-heading\" data-id=\"259daba\" data-element_type=\"widget\" data-widget_type=\"heading.default\">\n\t\t\t\t<div class=\"elementor-widget-container\">\n\t\t\t<h2 class=\"elementor-heading-title elementor-size-default\">Epicondilitis, s\u00edntomas<\/h2>\t\t<\/div>\n\t\t\t\t<\/div>\n\t\t\t\t<div class=\"elementor-element elementor-element-57683cb elementor-widget elementor-widget-menu-anchor\" data-id=\"57683cb\" data-element_type=\"widget\" data-widget_type=\"menu-anchor.default\">\n\t\t\t\t<div class=\"elementor-widget-container\">\n\t\t\t\t\t<div class=\"elementor-menu-anchor\" id=\"sintomi\"><\/div>\n\t\t\t\t<\/div>\n\t\t\t\t<\/div>\n\t\t\t\t\t<\/div>\n\t\t<\/div>\n\t\t\t\t\t<\/div>\n\t\t<\/section>\n\t\t\t\t<section class=\"elementor-section elementor-top-section elementor-element elementor-element-28ca7ef elementor-section-boxed elementor-section-height-default elementor-section-height-default\" data-id=\"28ca7ef\" data-element_type=\"section\">\n\t\t\t\t\t\t<div class=\"elementor-container elementor-column-gap-default\">\n\t\t\t\t\t<div class=\"elementor-column elementor-col-100 elementor-top-column elementor-element elementor-element-b62cbf7\" data-id=\"b62cbf7\" data-element_type=\"column\">\n\t\t\t<div class=\"elementor-widget-wrap elementor-element-populated\">\n\t\t\t\t\t\t<div class=\"elementor-element elementor-element-7b0a660 elementor-widget elementor-widget-text-editor\" data-id=\"7b0a660\" data-element_type=\"widget\" data-widget_type=\"text-editor.default\">\n\t\t\t\t<div class=\"elementor-widget-container\">\n\t\t\t\t\t\t\t<p>El s\u00edntoma principal es el <strong>dolor localizado<\/strong>, muy a menudo asociado a <strong>una capacidad de prensi\u00f3n limitada<\/strong>. Por lo tanto, a uno le cuesta cerrar la mano en un pu\u00f1o o agarrar objetos con firmeza.<\/p><p>&#8211; <strong>Dolor en el codo<\/strong>: m\u00e1s intenso en fr\u00edo o al dar la mano.<\/p><p>&#8211; <strong>Falta de fuerza de agarre<\/strong>: dificultad para agarrar objetos con firmeza, especialmente al realizar el movimiento que caus\u00f3 el dolor.<\/p><p>&#8211; <strong>Dolor a la palpaci\u00f3n de la zona epicond\u00edlea<\/strong>.<br \/>Especialmente en la fase aguda, ejercer presi\u00f3n sobre la zona afectada por la epicondilitis puede provocar un dolor agudo, que aumenta sobre todo cuando se cierra la mano en un pu\u00f1o.<\/p><p>&#8211; <strong>Dificultad con los movimientos de rotaci\u00f3n.<\/strong><br \/>La falta de fuerza y el dolor pueden hacer que acciones como verter un l\u00edquido de una botella resulten dif\u00edciles y dolorosas.<\/p><p>&#8211; <strong>Dolor y dificultad en la extensi\u00f3n del codo<\/strong>, tanto en la fase aguda como en la cr\u00f3nica.<\/p><p>&#8211; <strong>Aumento de la temperatura y posible enrojecimiento del codo<\/strong>.<br \/>Como efecto de la inflamaci\u00f3n local, se puede notar un aumento de la temperatura del codo y a veces incluso un enrojecimiento de la piel.<\/p><p>La epicondilitis se diagnostica principalmente mediante un examen cl\u00ednico, posiblemente apoyado por ecograf\u00eda. El dolor comienza localmente en el codo durante el uso de la mano y puede intensificarse incluso en reposo, sobre todo por la ma\u00f1ana. Suele aparecer de forma intermitente y empeora con movimientos como verter agua de una botella o agarrar objetos. Si no se trata, puede cronificarse, provocando alteraciones en los tendones, calcificaciones y una reducci\u00f3n de la funci\u00f3n del brazo, lo que hace necesarias intervenciones m\u00e1s complejas.<\/p>\t\t\t\t\t\t<\/div>\n\t\t\t\t<\/div>\n\t\t\t\t\t<\/div>\n\t\t<\/div>\n\t\t\t\t\t<\/div>\n\t\t<\/section>\n\t\t\t\t<section class=\"elementor-section elementor-top-section elementor-element elementor-element-62d7e78 elementor-section-boxed elementor-section-height-default elementor-section-height-default\" data-id=\"62d7e78\" data-element_type=\"section\">\n\t\t\t\t\t\t<div class=\"elementor-container elementor-column-gap-default\">\n\t\t\t\t\t<div class=\"elementor-column elementor-col-100 elementor-top-column elementor-element elementor-element-8dc0232\" data-id=\"8dc0232\" data-element_type=\"column\">\n\t\t\t<div class=\"elementor-widget-wrap elementor-element-populated\">\n\t\t\t\t\t\t<div class=\"elementor-element elementor-element-ee2bf0b elementor-widget elementor-widget-heading\" data-id=\"ee2bf0b\" data-element_type=\"widget\" data-widget_type=\"heading.default\">\n\t\t\t\t<div class=\"elementor-widget-container\">\n\t\t\t<h2 class=\"elementor-heading-title elementor-size-default\">Las causas de la epicondilitis<\/h2>\t\t<\/div>\n\t\t\t\t<\/div>\n\t\t\t\t<div class=\"elementor-element elementor-element-6d34aed elementor-widget elementor-widget-menu-anchor\" data-id=\"6d34aed\" data-element_type=\"widget\" data-widget_type=\"menu-anchor.default\">\n\t\t\t\t<div class=\"elementor-widget-container\">\n\t\t\t\t\t<div class=\"elementor-menu-anchor\" id=\"cause\"><\/div>\n\t\t\t\t<\/div>\n\t\t\t\t<\/div>\n\t\t\t\t\t<\/div>\n\t\t<\/div>\n\t\t\t\t\t<\/div>\n\t\t<\/section>\n\t\t\t\t<section class=\"elementor-section elementor-top-section elementor-element elementor-element-472ddf9 elementor-section-boxed elementor-section-height-default elementor-section-height-default\" data-id=\"472ddf9\" data-element_type=\"section\">\n\t\t\t\t\t\t<div class=\"elementor-container elementor-column-gap-default\">\n\t\t\t\t\t<div class=\"elementor-column elementor-col-100 elementor-top-column elementor-element elementor-element-74e0a7b\" data-id=\"74e0a7b\" data-element_type=\"column\">\n\t\t\t<div class=\"elementor-widget-wrap elementor-element-populated\">\n\t\t\t\t\t\t<div class=\"elementor-element elementor-element-99a2432 elementor-widget elementor-widget-text-editor\" data-id=\"99a2432\" data-element_type=\"widget\" data-widget_type=\"text-editor.default\">\n\t\t\t\t<div class=\"elementor-widget-container\">\n\t\t\t\t\t\t\t<p><strong>La epicondilitis est\u00e1 causada por una inflamaci\u00f3n de los tendones que conectan los m\u00fasculos extensores de los dedos y la mu\u00f1eca con el codo<\/strong>. Este problema se desarrolla como consecuencia del uso intensivo de los m\u00fasculos de la mano y el antebrazo, ya sea para actividades deportivas o laborales. Los movimientos repetitivos, como los que requieren deportes como el tenis o el golf, el trabajo manual intenso o las tareas dom\u00e9sticas, pueden sobrecargar los tendones. La falta de calentamiento, la escasa fuerza muscular y las vibraciones que sobrecargan m\u00fasculos y tendones tambi\u00e9n contribuyen a la aparici\u00f3n de esta dolencia.<\/p><p>Los principales factores de riesgo son:<br \/><br \/>&#8211; <strong>Actividades deportivas<\/strong>: deportes como el tenis y el golf, que implican movimientos repetitivos de la mu\u00f1eca y el antebrazo.<br \/><br \/>&#8211; <strong>Actividad laboral intensiva<\/strong>: uso prolongado de herramientas manuales, como martillos o llaves inglesas, que sobrecargan tendones y m\u00fasculos.<br \/><br \/>&#8211; <strong>Tareas dom\u00e9sticas<\/strong>: actividades como planchar u otras tareas repetitivas que impliquen el uso de los m\u00fasculos de la mano y la mu\u00f1eca.<br \/><br \/>&#8211; <strong>Trabajo de precisi\u00f3n<\/strong>: uso intensivo del ordenador o movimientos repetitivos con los dedos, especialmente en ausencia de una postura correcta.<\/p>\t\t\t\t\t\t<\/div>\n\t\t\t\t<\/div>\n\t\t\t\t\t<\/div>\n\t\t<\/div>\n\t\t\t\t\t<\/div>\n\t\t<\/section>\n\t\t\t\t<section class=\"elementor-section elementor-top-section elementor-element elementor-element-fdae23f elementor-section-boxed elementor-section-height-default elementor-section-height-default\" data-id=\"fdae23f\" data-element_type=\"section\">\n\t\t\t\t\t\t<div class=\"elementor-container elementor-column-gap-default\">\n\t\t\t\t\t<div class=\"elementor-column elementor-col-100 elementor-top-column elementor-element elementor-element-5dcee47\" data-id=\"5dcee47\" data-element_type=\"column\">\n\t\t\t<div class=\"elementor-widget-wrap elementor-element-populated\">\n\t\t\t\t\t\t<div class=\"elementor-element elementor-element-2917ae9 elementor-widget elementor-widget-image\" data-id=\"2917ae9\" data-element_type=\"widget\" data-widget_type=\"image.default\">\n\t\t\t\t<div class=\"elementor-widget-container\">\n\t\t\t\t\t\t\t\t\t\t\t\t\t<img fetchpriority=\"high\" decoding=\"async\" width=\"600\" height=\"400\" src=\"https:\/\/itechmedicaldivision.com\/wp-content\/uploads\/Gomito-del-tennista.jpg\" class=\"attachment-large size-large wp-image-67569\" alt=\"Gomito del tennista_tennis\" srcset=\"https:\/\/itechmedicaldivision.com\/wp-content\/uploads\/Gomito-del-tennista.jpg 600w, https:\/\/itechmedicaldivision.com\/wp-content\/uploads\/Gomito-del-tennista-500x333.jpg 500w\" sizes=\"(max-width: 600px) 100vw, 600px\" \/>\t\t\t\t\t\t\t\t\t\t\t\t\t<\/div>\n\t\t\t\t<\/div>\n\t\t\t\t\t<\/div>\n\t\t<\/div>\n\t\t\t\t\t<\/div>\n\t\t<\/section>\n\t\t\t\t<section class=\"elementor-section elementor-top-section elementor-element elementor-element-ba4eca5 elementor-section-boxed elementor-section-height-default elementor-section-height-default\" data-id=\"ba4eca5\" data-element_type=\"section\">\n\t\t\t\t\t\t<div class=\"elementor-container elementor-column-gap-default\">\n\t\t\t\t\t<div class=\"elementor-column elementor-col-100 elementor-top-column elementor-element elementor-element-8ffeb9c\" data-id=\"8ffeb9c\" data-element_type=\"column\">\n\t\t\t<div class=\"elementor-widget-wrap elementor-element-populated\">\n\t\t\t\t\t\t<div class=\"elementor-element elementor-element-0bc4783 elementor-widget elementor-widget-heading\" data-id=\"0bc4783\" data-element_type=\"widget\" data-widget_type=\"heading.default\">\n\t\t\t\t<div class=\"elementor-widget-container\">\n\t\t\t<h3 class=\"elementor-heading-title elementor-size-default\">\u00bfEs cervical la epicondilitis?<\/h3>\t\t<\/div>\n\t\t\t\t<\/div>\n\t\t\t\t<div class=\"elementor-element elementor-element-7a2e3bd elementor-widget elementor-widget-menu-anchor\" data-id=\"7a2e3bd\" data-element_type=\"widget\" data-widget_type=\"menu-anchor.default\">\n\t\t\t\t<div class=\"elementor-widget-container\">\n\t\t\t\t\t<div class=\"elementor-menu-anchor\" id=\"cervicale\"><\/div>\n\t\t\t\t<\/div>\n\t\t\t\t<\/div>\n\t\t\t\t\t<\/div>\n\t\t<\/div>\n\t\t\t\t\t<\/div>\n\t\t<\/section>\n\t\t\t\t<section class=\"elementor-section elementor-top-section elementor-element elementor-element-c6fd5fd elementor-section-boxed elementor-section-height-default elementor-section-height-default\" data-id=\"c6fd5fd\" data-element_type=\"section\">\n\t\t\t\t\t\t<div class=\"elementor-container elementor-column-gap-default\">\n\t\t\t\t\t<div class=\"elementor-column elementor-col-100 elementor-top-column elementor-element elementor-element-954aa6b\" data-id=\"954aa6b\" data-element_type=\"column\">\n\t\t\t<div class=\"elementor-widget-wrap elementor-element-populated\">\n\t\t\t\t\t\t<div class=\"elementor-element elementor-element-7fef9b1 elementor-widget elementor-widget-text-editor\" data-id=\"7fef9b1\" data-element_type=\"widget\" data-widget_type=\"text-editor.default\">\n\t\t\t\t<div class=\"elementor-widget-container\">\n\t\t\t\t\t\t\t<p>El dolor de codo puede ser consecuencia de problemas <a href=\"https:\/\/itechmedicaldivision.com\/es\/cervicalgia-que-es-y-como-tratarla\/\">cervicales<\/a>, con diferencias sustanciales tanto en la sintomatolog\u00eda como en el estadio diagn\u00f3stico.<br \/><br \/>El dolor de codo de origen cervical est\u00e1 causado por problemas neurol\u00f3gicos o neurodin\u00e1micos que hacen que el dolor se derive al brazo o, como en este caso concreto, al epic\u00f3ndilo, pero el origen del dolor est\u00e1 a nivel cervical. La causa de este dolor puede ser la inflamaci\u00f3n de uno de los nervios del plexo braquial o la presencia de patolog\u00edas a nivel de los discos intervertebrales.<br \/><br \/>El diagn\u00f3stico diferencial es esencial para distinguir la epicondilitis de origen mec\u00e1nico, es decir, el &#8220;codo de tenista&#8221;, de la patolog\u00eda de origen cervical. <\/p>\t\t\t\t\t\t<\/div>\n\t\t\t\t<\/div>\n\t\t\t\t\t<\/div>\n\t\t<\/div>\n\t\t\t\t\t<\/div>\n\t\t<\/section>\n\t\t\t\t<section class=\"elementor-section elementor-top-section elementor-element elementor-element-4e2120a elementor-section-boxed elementor-section-height-default elementor-section-height-default\" data-id=\"4e2120a\" data-element_type=\"section\">\n\t\t\t\t\t\t<div class=\"elementor-container elementor-column-gap-default\">\n\t\t\t\t\t<div class=\"elementor-column elementor-col-100 elementor-top-column elementor-element elementor-element-e0a11ba\" data-id=\"e0a11ba\" data-element_type=\"column\">\n\t\t\t<div class=\"elementor-widget-wrap elementor-element-populated\">\n\t\t\t\t\t\t<div class=\"elementor-element elementor-element-9b2ef46 elementor-widget elementor-widget-menu-anchor\" data-id=\"9b2ef46\" data-element_type=\"widget\" data-widget_type=\"menu-anchor.default\">\n\t\t\t\t<div class=\"elementor-widget-container\">\n\t\t\t\t\t<div class=\"elementor-menu-anchor\" id=\"epicondilitevsepitrocleite\"><\/div>\n\t\t\t\t<\/div>\n\t\t\t\t<\/div>\n\t\t\t\t<div class=\"elementor-element elementor-element-88d2574 elementor-widget elementor-widget-heading\" data-id=\"88d2574\" data-element_type=\"widget\" data-widget_type=\"heading.default\">\n\t\t\t\t<div class=\"elementor-widget-container\">\n\t\t\t<h2 class=\"elementor-heading-title elementor-size-default\">Epicondilitis y epicondilitis, las diferencias<\/h2>\t\t<\/div>\n\t\t\t\t<\/div>\n\t\t\t\t\t<\/div>\n\t\t<\/div>\n\t\t\t\t\t<\/div>\n\t\t<\/section>\n\t\t\t\t<section class=\"elementor-section elementor-top-section elementor-element elementor-element-f43ce8d elementor-section-boxed elementor-section-height-default elementor-section-height-default\" data-id=\"f43ce8d\" data-element_type=\"section\">\n\t\t\t\t\t\t<div class=\"elementor-container elementor-column-gap-default\">\n\t\t\t\t\t<div class=\"elementor-column elementor-col-100 elementor-top-column elementor-element elementor-element-82fecbf\" data-id=\"82fecbf\" data-element_type=\"column\">\n\t\t\t<div class=\"elementor-widget-wrap elementor-element-populated\">\n\t\t\t\t\t\t<div class=\"elementor-element elementor-element-6f3025d elementor-widget elementor-widget-text-editor\" data-id=\"6f3025d\" data-element_type=\"widget\" data-widget_type=\"text-editor.default\">\n\t\t\t\t<div class=\"elementor-widget-container\">\n\t\t\t\t\t\t\t<p>La epicondilitis afecta a los tendones extensores del codo, mientras que la epicondilitis afecta a los tendones flexores. Son afecciones similares, pero afectan a lados opuestos del codo.<\/p>\t\t\t\t\t\t<\/div>\n\t\t\t\t<\/div>\n\t\t\t\t\t<\/div>\n\t\t<\/div>\n\t\t\t\t\t<\/div>\n\t\t<\/section>\n\t\t\t\t<section class=\"elementor-section elementor-top-section elementor-element elementor-element-7994a5a elementor-section-boxed elementor-section-height-default elementor-section-height-default\" data-id=\"7994a5a\" data-element_type=\"section\">\n\t\t\t\t\t\t<div class=\"elementor-container elementor-column-gap-default\">\n\t\t\t\t\t<div class=\"elementor-column elementor-col-100 elementor-top-column elementor-element elementor-element-0ee3de3\" data-id=\"0ee3de3\" data-element_type=\"column\">\n\t\t\t<div class=\"elementor-widget-wrap elementor-element-populated\">\n\t\t\t\t\t\t<div class=\"elementor-element elementor-element-a5d46c1 elementor-widget elementor-widget-heading\" data-id=\"a5d46c1\" data-element_type=\"widget\" data-widget_type=\"heading.default\">\n\t\t\t\t<div class=\"elementor-widget-container\">\n\t\t\t<h2 class=\"elementor-heading-title elementor-size-default\">Remedios para la epicondilitis<\/h2>\t\t<\/div>\n\t\t\t\t<\/div>\n\t\t\t\t<div class=\"elementor-element elementor-element-cf79a24 elementor-widget elementor-widget-menu-anchor\" data-id=\"cf79a24\" data-element_type=\"widget\" data-widget_type=\"menu-anchor.default\">\n\t\t\t\t<div class=\"elementor-widget-container\">\n\t\t\t\t\t<div class=\"elementor-menu-anchor\" id=\"rimedi\"><\/div>\n\t\t\t\t<\/div>\n\t\t\t\t<\/div>\n\t\t\t\t\t<\/div>\n\t\t<\/div>\n\t\t\t\t\t<\/div>\n\t\t<\/section>\n\t\t\t\t<section class=\"elementor-section elementor-top-section elementor-element elementor-element-5c53242 elementor-section-boxed elementor-section-height-default elementor-section-height-default\" data-id=\"5c53242\" data-element_type=\"section\">\n\t\t\t\t\t\t<div class=\"elementor-container elementor-column-gap-default\">\n\t\t\t\t\t<div class=\"elementor-column elementor-col-100 elementor-top-column elementor-element elementor-element-11ccb3d\" data-id=\"11ccb3d\" data-element_type=\"column\">\n\t\t\t<div class=\"elementor-widget-wrap elementor-element-populated\">\n\t\t\t\t\t\t<div class=\"elementor-element elementor-element-b4a9b47 elementor-widget elementor-widget-text-editor\" data-id=\"b4a9b47\" data-element_type=\"widget\" data-widget_type=\"text-editor.default\">\n\t\t\t\t<div class=\"elementor-widget-container\">\n\t\t\t\t\t\t\t<p>Si te preguntas si la epicondilitis se cura sola, la respuesta es no. O mejor dicho, no inmediatamente. A continuaci\u00f3n se indican algunos remedios y terapias para tratar esta afecci\u00f3n, ya que, aunque muy utilizados, no s\u00f3lo existen infiltraciones para la epicondilitis.<br \/><br \/>Las soluciones para tratar la epicondilitis var\u00edan en funci\u00f3n de la intensidad del dolor y del nivel de cronicidad. Una ortesis puede reducir el dolor durante la actividad deportiva, aunque no es una cura definitiva.<br \/><br \/>Entre<strong> los remedios naturales, la aplicaci\u00f3n de hielo (crioterapia)<\/strong> ayuda a disminuir la inflamaci\u00f3n, mientras que los tratamientos farmacol\u00f3gicos deben ser evaluados por un m\u00e9dico.<br \/><br \/>Una opci\u00f3n eficaz es la <strong>infiltraci\u00f3n local<\/strong> de f\u00e1rmacos espec\u00edficos, a menudo combinada con terapias f\u00edsicas para optimizar los resultados a medio y largo plazo.<br \/>Recientemente se est\u00e1n popularizando las infiltraciones de plasma rico en plaquetas (PRP), una t\u00e9cnica que utiliza plasma rico en plaquetas para favorecer la cicatrizaci\u00f3n de los tejidos.<br \/><br \/><strong>Las terapias f\u00edsicas como la magnetoterapia, la terapia de ultrasonidos y la diatermia<\/strong> tambi\u00e9n pueden contribuir a la regresi\u00f3n de la afecci\u00f3n, a diferencia de los aparatos ortop\u00e9dicos, que se limitan a contener los s\u00edntomas.<\/p><p>Los ejercicios de rehabilitaci\u00f3n son esenciales para la recuperaci\u00f3n, pero s\u00f3lo despu\u00e9s de que haya desaparecido el dolor.<\/p><p><em>\u00bfTe preguntas c\u00f3mo se cura la epicondilitis o cu\u00e1nto dura? Sigue leyendo<\/em>.<\/p><p>La reducci\u00f3n de la inflamaci\u00f3n puede conseguirse con hielo, fisioterapia local o medicaci\u00f3n, pero para un tratamiento eficaz es esencial identificar y eliminar la causa subyacente. La epicondilitis tiende a curarse muy lentamente si se descuida, con tiempos de recuperaci\u00f3n que pueden durar meses o incluso a\u00f1os. La duraci\u00f3n de la recuperaci\u00f3n depende de la oportunidad del tratamiento, de que \u00e9ste sea adecuado y de que pueda eliminarse la causa subyacente. Si se trata adecuadamente en una fase temprana, puede resolverse en pocas semanas, mientras que en ausencia de un tratamiento adecuado puede volverse cr\u00f3nica y dif\u00edcil de tratar.<\/p>\t\t\t\t\t\t<\/div>\n\t\t\t\t<\/div>\n\t\t\t\t\t<\/div>\n\t\t<\/div>\n\t\t\t\t\t<\/div>\n\t\t<\/section>\n\t\t\t\t<section class=\"elementor-section elementor-top-section elementor-element elementor-element-9ee5635 elementor-section-boxed elementor-section-height-default elementor-section-height-default\" data-id=\"9ee5635\" data-element_type=\"section\">\n\t\t\t\t\t\t<div class=\"elementor-container elementor-column-gap-default\">\n\t\t\t\t\t<div class=\"elementor-column elementor-col-100 elementor-top-column elementor-element elementor-element-bff9592\" data-id=\"bff9592\" data-element_type=\"column\">\n\t\t\t<div class=\"elementor-widget-wrap elementor-element-populated\">\n\t\t\t\t\t\t<div class=\"elementor-element elementor-element-ccf086b elementor-widget elementor-widget-heading\" data-id=\"ccf086b\" data-element_type=\"widget\" data-widget_type=\"heading.default\">\n\t\t\t\t<div class=\"elementor-widget-container\">\n\t\t\t<h3 class=\"elementor-heading-title elementor-size-default\">Magnetoterapia para la epicondilitis<\/h3>\t\t<\/div>\n\t\t\t\t<\/div>\n\t\t\t\t<div class=\"elementor-element elementor-element-ac0bf0b elementor-widget elementor-widget-menu-anchor\" data-id=\"ac0bf0b\" data-element_type=\"widget\" data-widget_type=\"menu-anchor.default\">\n\t\t\t\t<div class=\"elementor-widget-container\">\n\t\t\t\t\t<div class=\"elementor-menu-anchor\" id=\"magnetoterapia\"><\/div>\n\t\t\t\t<\/div>\n\t\t\t\t<\/div>\n\t\t\t\t\t<\/div>\n\t\t<\/div>\n\t\t\t\t\t<\/div>\n\t\t<\/section>\n\t\t\t\t<section class=\"elementor-section elementor-top-section elementor-element elementor-element-e5ba7b5 elementor-section-boxed elementor-section-height-default elementor-section-height-default\" data-id=\"e5ba7b5\" data-element_type=\"section\">\n\t\t\t\t\t\t<div class=\"elementor-container elementor-column-gap-default\">\n\t\t\t\t\t<div class=\"elementor-column elementor-col-100 elementor-top-column elementor-element elementor-element-64c6cc9\" data-id=\"64c6cc9\" data-element_type=\"column\">\n\t\t\t<div class=\"elementor-widget-wrap elementor-element-populated\">\n\t\t\t\t\t\t<div class=\"elementor-element elementor-element-c0684a0 elementor-widget elementor-widget-text-editor\" data-id=\"c0684a0\" data-element_type=\"widget\" data-widget_type=\"text-editor.default\">\n\t\t\t\t<div class=\"elementor-widget-container\">\n\t\t\t\t\t\t\t<p>La <a href=\"https:\/\/itechmedicaldivision.com\/es\/magnetoterapia-para-que-sirve\/\">magnetoterapia<\/a> es un tratamiento no invasivo que favorece <strong>la reducci\u00f3n de la inflamaci\u00f3n y acelera el proceso de curaci\u00f3n, por lo que resulta especialmente \u00fatil tanto en la fase aguda como en la cr\u00f3nica de la afecci\u00f3n<\/strong>. Una de sus principales ventajas es que puede utilizarse c\u00f3modamente en casa, lo que la convierte en una soluci\u00f3n accesible para muchos pacientes.<\/p>\t\t\t\t\t\t<\/div>\n\t\t\t\t<\/div>\n\t\t\t\t\t<\/div>\n\t\t<\/div>\n\t\t\t\t\t<\/div>\n\t\t<\/section>\n\t\t\t\t<section class=\"elementor-section elementor-top-section elementor-element elementor-element-7d7560a elementor-section-boxed elementor-section-height-default elementor-section-height-default\" data-id=\"7d7560a\" data-element_type=\"section\">\n\t\t\t\t\t\t<div class=\"elementor-container elementor-column-gap-default\">\n\t\t\t\t\t<div class=\"elementor-column elementor-col-100 elementor-top-column elementor-element elementor-element-2c9f0d2\" data-id=\"2c9f0d2\" data-element_type=\"column\">\n\t\t\t<div class=\"elementor-widget-wrap elementor-element-populated\">\n\t\t\t\t\t\t<div class=\"elementor-element elementor-element-b2c9767 elementor-widget elementor-widget-image\" data-id=\"b2c9767\" data-element_type=\"widget\" data-widget_type=\"image.default\">\n\t\t\t\t<div class=\"elementor-widget-container\">\n\t\t\t\t\t\t\t\t\t\t\t\t\t<img decoding=\"async\" width=\"600\" height=\"400\" src=\"https:\/\/itechmedicaldivision.com\/wp-content\/uploads\/trattamento-magnetoterapia-gomito_epicondilite.png\" class=\"attachment-large size-large wp-image-67577\" alt=\"trattamento magnetoterapia gomito_epicondilite_test calamita\" srcset=\"https:\/\/itechmedicaldivision.com\/wp-content\/uploads\/trattamento-magnetoterapia-gomito_epicondilite.png 600w, https:\/\/itechmedicaldivision.com\/wp-content\/uploads\/trattamento-magnetoterapia-gomito_epicondilite-500x333.png 500w\" sizes=\"(max-width: 600px) 100vw, 600px\" \/>\t\t\t\t\t\t\t\t\t\t\t\t\t<\/div>\n\t\t\t\t<\/div>\n\t\t\t\t\t<\/div>\n\t\t<\/div>\n\t\t\t\t\t<\/div>\n\t\t<\/section>\n\t\t\t\t<section class=\"elementor-section elementor-top-section elementor-element elementor-element-ea9591f elementor-section-boxed elementor-section-height-default elementor-section-height-default\" data-id=\"ea9591f\" data-element_type=\"section\">\n\t\t\t\t\t\t<div class=\"elementor-container elementor-column-gap-default\">\n\t\t\t\t\t<div class=\"elementor-column elementor-col-100 elementor-top-column elementor-element elementor-element-6f450c6\" data-id=\"6f450c6\" data-element_type=\"column\">\n\t\t\t<div class=\"elementor-widget-wrap elementor-element-populated\">\n\t\t\t\t\t\t<div class=\"elementor-element elementor-element-a8f4b0c elementor-widget elementor-widget-heading\" data-id=\"a8f4b0c\" data-element_type=\"widget\" data-widget_type=\"heading.default\">\n\t\t\t\t<div class=\"elementor-widget-container\">\n\t\t\t<h3 class=\"elementor-heading-title elementor-size-default\">Terapia de ultrasonido para la epicondilitis<\/h3>\t\t<\/div>\n\t\t\t\t<\/div>\n\t\t\t\t<div class=\"elementor-element elementor-element-27dcfb1 elementor-widget elementor-widget-menu-anchor\" data-id=\"27dcfb1\" data-element_type=\"widget\" data-widget_type=\"menu-anchor.default\">\n\t\t\t\t<div class=\"elementor-widget-container\">\n\t\t\t\t\t<div class=\"elementor-menu-anchor\" id=\"ultrasuonoterapia\"><\/div>\n\t\t\t\t<\/div>\n\t\t\t\t<\/div>\n\t\t\t\t\t<\/div>\n\t\t<\/div>\n\t\t\t\t\t<\/div>\n\t\t<\/section>\n\t\t\t\t<section class=\"elementor-section elementor-top-section elementor-element elementor-element-3bacdcc elementor-section-boxed elementor-section-height-default elementor-section-height-default\" data-id=\"3bacdcc\" data-element_type=\"section\">\n\t\t\t\t\t\t<div class=\"elementor-container elementor-column-gap-default\">\n\t\t\t\t\t<div class=\"elementor-column elementor-col-100 elementor-top-column elementor-element elementor-element-d6bd588\" data-id=\"d6bd588\" data-element_type=\"column\">\n\t\t\t<div class=\"elementor-widget-wrap elementor-element-populated\">\n\t\t\t\t\t\t<div class=\"elementor-element elementor-element-f8650ef elementor-widget elementor-widget-text-editor\" data-id=\"f8650ef\" data-element_type=\"widget\" data-widget_type=\"text-editor.default\">\n\t\t\t\t<div class=\"elementor-widget-container\">\n\t\t\t\t\t\t\t<p>En cambio, la <a href=\"https:\/\/itechmedicaldivision.com\/es\/terapia-de-ultrasonido-para-que-sirve\/\">terapia de ultrasonido<\/a> debe utilizarse con precauci\u00f3n. En la fase aguda, no se recomienda directamente sobre el tend\u00f3n inflamado, pero puede ser eficaz a nivel muscular, favoreciendo la relajaci\u00f3n y mejorando la vascularizaci\u00f3n. En la fase cr\u00f3nica, el tratamiento con ultrasonidos sobre el tend\u00f3n puede estimular la cicatrizaci\u00f3n, aunque inicialmente puede provocar un aumento temporal del dolor, lo que se conoce como &#8220;crisis reactiva&#8221;. Por este motivo, es aconsejable el seguimiento por parte de un fisioterapeuta experimentado que pueda controlar adecuadamente la evoluci\u00f3n del tratamiento.<\/p>\t\t\t\t\t\t<\/div>\n\t\t\t\t<\/div>\n\t\t\t\t\t<\/div>\n\t\t<\/div>\n\t\t\t\t\t<\/div>\n\t\t<\/section>\n\t\t\t\t<section class=\"elementor-section elementor-top-section elementor-element elementor-element-c8a2016 elementor-section-boxed elementor-section-height-default elementor-section-height-default\" data-id=\"c8a2016\" data-element_type=\"section\">\n\t\t\t\t\t\t<div class=\"elementor-container elementor-column-gap-default\">\n\t\t\t\t\t<div class=\"elementor-column elementor-col-100 elementor-top-column elementor-element elementor-element-91f4ad4\" data-id=\"91f4ad4\" data-element_type=\"column\">\n\t\t\t<div class=\"elementor-widget-wrap elementor-element-populated\">\n\t\t\t\t\t\t<div class=\"elementor-element elementor-element-ad5ce87 elementor-widget elementor-widget-heading\" data-id=\"ad5ce87\" data-element_type=\"widget\" data-widget_type=\"heading.default\">\n\t\t\t\t<div class=\"elementor-widget-container\">\n\t\t\t<h3 class=\"elementor-heading-title elementor-size-default\">Epicondilitis y tecarterapia<\/h3>\t\t<\/div>\n\t\t\t\t<\/div>\n\t\t\t\t<div class=\"elementor-element elementor-element-ecbbd26 elementor-widget elementor-widget-menu-anchor\" data-id=\"ecbbd26\" data-element_type=\"widget\" data-widget_type=\"menu-anchor.default\">\n\t\t\t\t<div class=\"elementor-widget-container\">\n\t\t\t\t\t<div class=\"elementor-menu-anchor\" id=\"diatermia\"><\/div>\n\t\t\t\t<\/div>\n\t\t\t\t<\/div>\n\t\t\t\t\t<\/div>\n\t\t<\/div>\n\t\t\t\t\t<\/div>\n\t\t<\/section>\n\t\t\t\t<section class=\"elementor-section elementor-top-section elementor-element elementor-element-b036c2a elementor-section-boxed elementor-section-height-default elementor-section-height-default\" data-id=\"b036c2a\" data-element_type=\"section\">\n\t\t\t\t\t\t<div class=\"elementor-container elementor-column-gap-default\">\n\t\t\t\t\t<div class=\"elementor-column elementor-col-100 elementor-top-column elementor-element elementor-element-d5bf1b9\" data-id=\"d5bf1b9\" data-element_type=\"column\">\n\t\t\t<div class=\"elementor-widget-wrap elementor-element-populated\">\n\t\t\t\t\t\t<div class=\"elementor-element elementor-element-19fad18 elementor-widget elementor-widget-text-editor\" data-id=\"19fad18\" data-element_type=\"widget\" data-widget_type=\"text-editor.default\">\n\t\t\t\t<div class=\"elementor-widget-container\">\n\t\t\t\t\t\t\t<p>Por \u00faltimo, la <a href=\"https:\/\/itechmedicaldivision.com\/es\/tecarterapia-que-es\/\">tecarterapia<\/a>, o diatermia, se considera una de las soluciones m\u00e1s eficaces tanto en la fase aguda como en la cr\u00f3nica. tratamiento suele combinarse con fisiocinesiterapia y t\u00e9cnicas infiltrativas para maximizar los beneficios terap\u00e9uticos. El uso de la tecarterapia es especialmente popular entre los especialistas, que ajustan su intensidad y modalidad en funci\u00f3n de las necesidades del paciente.<\/p>\t\t\t\t\t\t<\/div>\n\t\t\t\t<\/div>\n\t\t\t\t\t<\/div>\n\t\t<\/div>\n\t\t\t\t\t<\/div>\n\t\t<\/section>\n\t\t\t\t<section class=\"elementor-section elementor-top-section elementor-element elementor-element-5d82623 elementor-section-boxed elementor-section-height-default elementor-section-height-default\" data-id=\"5d82623\" data-element_type=\"section\">\n\t\t\t\t\t\t<div class=\"elementor-container elementor-column-gap-default\">\n\t\t\t\t\t<div class=\"elementor-column elementor-col-100 elementor-top-column elementor-element elementor-element-13277f6\" data-id=\"13277f6\" data-element_type=\"column\">\n\t\t\t<div class=\"elementor-widget-wrap elementor-element-populated\">\n\t\t\t\t\t\t<div class=\"elementor-element elementor-element-4b02f7e elementor-widget elementor-widget-spacer\" data-id=\"4b02f7e\" data-element_type=\"widget\" data-widget_type=\"spacer.default\">\n\t\t\t\t<div class=\"elementor-widget-container\">\n\t\t\t\t\t<div class=\"elementor-spacer\">\n\t\t\t<div class=\"elementor-spacer-inner\"><\/div>\n\t\t<\/div>\n\t\t\t\t<\/div>\n\t\t\t\t<\/div>\n\t\t\t\t\t<\/div>\n\t\t<\/div>\n\t\t\t\t\t<\/div>\n\t\t<\/section>\n\t\t\t\t<section class=\"elementor-section elementor-top-section elementor-element elementor-element-a4562fc elementor-section-boxed elementor-section-height-default elementor-section-height-default\" data-id=\"a4562fc\" data-element_type=\"section\">\n\t\t\t\t\t\t<div class=\"elementor-container elementor-column-gap-default\">\n\t\t\t\t\t<div class=\"elementor-column elementor-col-100 elementor-top-column elementor-element elementor-element-90861a5\" data-id=\"90861a5\" data-element_type=\"column\">\n\t\t\t<div class=\"elementor-widget-wrap elementor-element-populated\">\n\t\t\t\t\t\t<div class=\"elementor-element elementor-element-ff92e57 elementor-widget elementor-widget-text-editor\" data-id=\"ff92e57\" data-element_type=\"widget\" data-widget_type=\"text-editor.default\">\n\t\t\t\t<div class=\"elementor-widget-container\">\n\t\t\t\t\t\t\t<p>En conclusi\u00f3n, la epicondilitis, o &#8220;codo de tenista&#8221;, es una afecci\u00f3n dolorosa que puede afectar significativamente a la calidad de vida de quienes la padecen. Entender <strong>qu\u00e9 es la epicondilitis<\/strong> y reconocer sus s\u00edntomas es crucial para intervenir precozmente y prevenir complicaciones. Si padeces <strong>epicondilitis en el codo<\/strong> y necesitas m\u00e1s informaci\u00f3n o asesoramiento sobre c\u00f3mo tratar esta afecci\u00f3n, no dudes en ponerte en contacto con nosotros. Nuestro equipo est\u00e1 a tu disposici\u00f3n para ayudarte a elegir el dispositivo m\u00e1s adecuado a tus necesidades, de acuerdo con las indicaciones de tu m\u00e9dico.<\/p>\t\t\t\t\t\t<\/div>\n\t\t\t\t<\/div>\n\t\t\t\t\t<\/div>\n\t\t<\/div>\n\t\t\t\t\t<\/div>\n\t\t<\/section>\n\t\t\t\t<section class=\"elementor-section elementor-top-section elementor-element elementor-element-69c63c6 elementor-section-boxed elementor-section-height-default elementor-section-height-default\" data-id=\"69c63c6\" data-element_type=\"section\">\n\t\t\t\t\t\t<div class=\"elementor-container elementor-column-gap-default\">\n\t\t\t\t\t<div class=\"elementor-column elementor-col-100 elementor-top-column elementor-element elementor-element-f2ba0da\" data-id=\"f2ba0da\" data-element_type=\"column\">\n\t\t\t<div class=\"elementor-widget-wrap elementor-element-populated\">\n\t\t\t\t\t\t<div class=\"elementor-element elementor-element-33f8406 elementor-align-center elementor-widget elementor-widget-button\" data-id=\"33f8406\" data-element_type=\"widget\" data-widget_type=\"button.default\">\n\t\t\t\t<div class=\"elementor-widget-container\">\n\t\t\t\t\t\t\t<div class=\"elementor-button-wrapper\">\n\t\t\t\t\t<a class=\"elementor-button elementor-button-link elementor-size-sm\" href=\"https:\/\/itechmedicaldivision.com\/es\/contactos\/\">\n\t\t\t\t\t\t<span class=\"elementor-button-content-wrapper\">\n\t\t\t\t\t\t\t\t\t<span class=\"elementor-button-text\">Cont\u00e1ctanos<\/span>\n\t\t\t\t\t<\/span>\n\t\t\t\t\t<\/a>\n\t\t\t\t<\/div>\n\t\t\t\t\t\t<\/div>\n\t\t\t\t<\/div>\n\t\t\t\t\t<\/div>\n\t\t<\/div>\n\t\t\t\t\t<\/div>\n\t\t<\/section>\n\t\t\t\t<\/div>\n\t\t","protected":false},"excerpt":{"rendered":"<p>Epicondilitis, s\u00edntomas Las causas de la epicondilitis \u00bfEs cervical la epicondilitis? Epicondilitis y epicondilitis, las diferencias Remedios para la epicondilitis [&hellip;]<\/p>\n","protected":false},"author":12,"featured_media":67561,"comment_status":"closed","ping_status":"closed","sticky":false,"template":"","format":"standard","meta":{"_acf_changed":false,"footnotes":""},"categories":[147],"tags":[],"class_list":["post-67618","post","type-post","status-publish","format-standard","has-post-thumbnail","hentry","category-patologias","col-lg-4 col-md-6"],"acf":[],"_links":{"self":[{"href":"https:\/\/itechmedicaldivision.com\/es\/wp-json\/wp\/v2\/posts\/67618","targetHints":{"allow":["GET"]}}],"collection":[{"href":"https:\/\/itechmedicaldivision.com\/es\/wp-json\/wp\/v2\/posts"}],"about":[{"href":"https:\/\/itechmedicaldivision.com\/es\/wp-json\/wp\/v2\/types\/post"}],"author":[{"embeddable":true,"href":"https:\/\/itechmedicaldivision.com\/es\/wp-json\/wp\/v2\/users\/12"}],"replies":[{"embeddable":true,"href":"https:\/\/itechmedicaldivision.com\/es\/wp-json\/wp\/v2\/comments?post=67618"}],"version-history":[{"count":8,"href":"https:\/\/itechmedicaldivision.com\/es\/wp-json\/wp\/v2\/posts\/67618\/revisions"}],"predecessor-version":[{"id":67634,"href":"https:\/\/itechmedicaldivision.com\/es\/wp-json\/wp\/v2\/posts\/67618\/revisions\/67634"}],"wp:featuredmedia":[{"embeddable":true,"href":"https:\/\/itechmedicaldivision.com\/es\/wp-json\/wp\/v2\/media\/67561"}],"wp:attachment":[{"href":"https:\/\/itechmedicaldivision.com\/es\/wp-json\/wp\/v2\/media?parent=67618"}],"wp:term":[{"taxonomy":"category","embeddable":true,"href":"https:\/\/itechmedicaldivision.com\/es\/wp-json\/wp\/v2\/categories?post=67618"},{"taxonomy":"post_tag","embeddable":true,"href":"https:\/\/itechmedicaldivision.com\/es\/wp-json\/wp\/v2\/tags?post=67618"}],"curies":[{"name":"wp","href":"https:\/\/api.w.org\/{rel}","templated":true}]}}